{"id":1711,"date":"2025-09-21T19:10:03","date_gmt":"2025-09-21T19:10:03","guid":{"rendered":"https:\/\/spegillinn.is\/?p=1711"},"modified":"2025-09-21T19:32:16","modified_gmt":"2025-09-21T19:32:16","slug":"nafnid-gnarr-tok-30-ar-hvad-aetli-thad-taki-morg-ar-ad-breyta-nafni-vidreisnar","status":"publish","type":"post","link":"https:\/\/spegillinn.is\/?p=1711","title":{"rendered":"Nafni\u00f0 Gnarr t\u00f3k 30 \u00e1r. Hva\u00f0 \u00e6tli \u00fea\u00f0 taki m\u00f6rg \u00e1r a\u00f0 breyta nafni Vi\u00f0reisnar?"},"content":{"rendered":"<h3>J\u00f3n Gunnar Kristinsson f\u00e9kk loks a\u00f0 heita J\u00f3n Gnarr eftir langa bar\u00e1ttu<\/h3>\n<p><img loading=\"lazy\" decoding=\"async\" class=\"alignnone wp-image-1718 size-medium\" src=\"https:\/\/spegillinn.is\/wp-content\/uploads\/2025\/09\/Screenshot_20250921_162515_Chrome-2-238x300.jpg\" alt=\"\" width=\"238\" height=\"300\" srcset=\"https:\/\/spegillinn.is\/wp-content\/uploads\/2025\/09\/Screenshot_20250921_162515_Chrome-2-238x300.jpg 238w, https:\/\/spegillinn.is\/wp-content\/uploads\/2025\/09\/Screenshot_20250921_162515_Chrome-2-811x1024.jpg 811w, https:\/\/spegillinn.is\/wp-content\/uploads\/2025\/09\/Screenshot_20250921_162515_Chrome-2-768x970.jpg 768w, https:\/\/spegillinn.is\/wp-content\/uploads\/2025\/09\/Screenshot_20250921_162515_Chrome-2.jpg 1068w\" sizes=\"auto, (max-width: 238px) 100vw, 238px\" \/><\/p>\n<p>Leikarinn og gr\u00ednistinn J\u00f3n Gunnar Kristinsson, betur \u00feekktur sem J\u00f3n Gnarr, hefur loks fengi\u00f0 sam\u00feykkt a\u00f0 nota \u00fea\u00f0 nafn sem hann hefur haft a\u00f0 listamannsnafni \u00ed \u00e1ratugi. Ferli\u00f0 reyndist \u00fe\u00f3 b\u00e6\u00f0i langt og \u00feungt \u00ed v\u00f6fum, \u00fear sem \u00edslensk l\u00f6g um mannan\u00f6fn st\u00f3\u00f0u honum lengi \u00ed vegi.<\/p>\n<p>J\u00f3n Gnarr, sem naut mikillar athygli sem stofnandi Bestaflokksins og borgarstj\u00f3ri Reykjav\u00edkur \u00e1rin 2010\u20132014, hefur \u00ed m\u00f6rg \u00e1r nota\u00f0 nafni\u00f0 Gnarr opinberlega. \u00deegar hann s\u00f3tti formlega um nafnbreytingu var bei\u00f0nin hins vegar hafna\u00f0 af Mannanafnanefnd, \u00e1 \u00feeirri forsendu a\u00f0 nafni\u00f0 uppfyllti ekki hef\u00f0bundin \u00edslensk m\u00e1lreglur.<\/p>\n<p>\u201e\u00deetta var mj\u00f6g skr\u00edti\u00f0,\u201c sag\u00f0i J\u00f3n \u00ed samtali vi\u00f0 fj\u00f6lmi\u00f0la \u00e1 s\u00ednum t\u00edma. \u201e\u00c9g hef starfa\u00f0 undir \u00feessu nafni svo lengi a\u00f0 \u00fea\u00f0 er \u00ed raun hluti af sj\u00e1lfsmynd minni.\u201c<\/p>\n<p>Umr\u00e6\u00f0an um nafnabreytinguna vakti mikla athygli \u00e1 s\u00ednum t\u00edma og \u00fdtti undir gagnr\u00fdni \u00e1 \u00edslensku mannanafnal\u00f6gin, sem margir t\u00f6ldu of \u00edhaldss\u00f6m og takmarkandi. Stu\u00f0ningsmenn J\u00f3ns bentu \u00e1 a\u00f0 nafni\u00f0 Gnarr v\u00e6ri or\u00f0i\u00f0 a\u00f0 fastm\u00f3tu\u00f0u kennileiti \u00ed \u00edslenskri menningu og \u00fev\u00ed e\u00f0lilegt a\u00f0 hann fengi a\u00f0 bera \u00fea\u00f0 l\u00f6gformlega.<\/p>\n<p>Eftir margra \u00e1ra \u00fer\u00fdsting og breytingar \u00e1 l\u00f6gum f\u00e9kk J\u00f3n loks sam\u00feykki fyrir \u00fev\u00ed a\u00f0 breyta nafni s\u00ednu \u00far J\u00f3ni Gunnari Kristinssyni \u00ed J\u00f3n Gnarr. S\u00fa \u00e1kv\u00f6r\u00f0un var s\u00f6g\u00f0 marka t\u00edmam\u00f3t \u00ed s\u00f6gu nafnam\u00e1la \u00e1 \u00cdslandi, \u00fear sem h\u00fan s\u00fdndi a\u00f0 regluverki\u00f0 v\u00e6ri a\u00f0 opnast fyrir breytilegri m\u00e1lnotkun og einstaklingsfrelsi.<\/p>\n<p>J\u00f3n Gnarr hefur sj\u00e1lfur sagt a\u00f0 nafni\u00f0 s\u00e9 meira en bara or\u00f0: \u201e\u00deetta er hluti af \u00fev\u00ed hver \u00e9g er, hvernig \u00e9g hugsa og hvernig \u00e9g hef skapa\u00f0 m\u00e9r l\u00edf og starf.\u201c<\/p>\n<p><img loading=\"lazy\" decoding=\"async\" class=\"alignnone size-medium wp-image-1721\" src=\"https:\/\/spegillinn.is\/wp-content\/uploads\/2025\/09\/Screenshot_20250921_192106_Chrome-174x300.jpg\" alt=\"\" width=\"174\" height=\"300\" srcset=\"https:\/\/spegillinn.is\/wp-content\/uploads\/2025\/09\/Screenshot_20250921_192106_Chrome-174x300.jpg 174w, https:\/\/spegillinn.is\/wp-content\/uploads\/2025\/09\/Screenshot_20250921_192106_Chrome-594x1024.jpg 594w, https:\/\/spegillinn.is\/wp-content\/uploads\/2025\/09\/Screenshot_20250921_192106_Chrome-768x1325.jpg 768w, https:\/\/spegillinn.is\/wp-content\/uploads\/2025\/09\/Screenshot_20250921_192106_Chrome-891x1536.jpg 891w, https:\/\/spegillinn.is\/wp-content\/uploads\/2025\/09\/Screenshot_20250921_192106_Chrome.jpg 1075w\" sizes=\"auto, (max-width: 174px) 100vw, 174px\" \/><\/p>\n","protected":false},"excerpt":{"rendered":"<p>J\u00f3n Gunnar Kristinsson f\u00e9kk loks a\u00f0 heita J\u00f3n Gnarr eftir langa bar\u00e1ttu Leikarinn og gr\u00ednistinn J\u00f3n Gunnar Kristinsson, betur \u00feekktur sem J\u00f3n Gnarr, hefur loks &hellip; <\/p>\n","protected":false},"author":1,"featured_media":1716,"comment_status":"closed","ping_status":"open","sticky":false,"template":"","format":"standard","meta":{"footnotes":""},"categories":[174],"tags":[],"class_list":["post-1711","post","type-post","status-publish","format-standard","has-post-thumbnail","hentry","category-frettir"],"_links":{"self":[{"href":"https:\/\/spegillinn.is\/index.php?rest_route=\/wp\/v2\/posts\/1711","targetHints":{"allow":["GET"]}}],"collection":[{"href":"https:\/\/spegillinn.is\/index.php?rest_route=\/wp\/v2\/posts"}],"about":[{"href":"https:\/\/spegillinn.is\/index.php?rest_route=\/wp\/v2\/types\/post"}],"author":[{"embeddable":true,"href":"https:\/\/spegillinn.is\/index.php?rest_route=\/wp\/v2\/users\/1"}],"replies":[{"embeddable":true,"href":"https:\/\/spegillinn.is\/index.php?rest_route=%2Fwp%2Fv2%2Fcomments&post=1711"}],"version-history":[{"count":7,"href":"https:\/\/spegillinn.is\/index.php?rest_route=\/wp\/v2\/posts\/1711\/revisions"}],"predecessor-version":[{"id":1723,"href":"https:\/\/spegillinn.is\/index.php?rest_route=\/wp\/v2\/posts\/1711\/revisions\/1723"}],"wp:featuredmedia":[{"embeddable":true,"href":"https:\/\/spegillinn.is\/index.php?rest_route=\/wp\/v2\/media\/1716"}],"wp:attachment":[{"href":"https:\/\/spegillinn.is\/index.php?rest_route=%2Fwp%2Fv2%2Fmedia&parent=1711"}],"wp:term":[{"taxonomy":"category","embeddable":true,"href":"https:\/\/spegillinn.is\/index.php?rest_route=%2Fwp%2Fv2%2Fcategories&post=1711"},{"taxonomy":"post_tag","embeddable":true,"href":"https:\/\/spegillinn.is\/index.php?rest_route=%2Fwp%2Fv2%2Ftags&post=1711"}],"curies":[{"name":"wp","href":"https:\/\/api.w.org\/{rel}","templated":true}]}}