{"id":1724,"date":"2025-09-25T19:02:52","date_gmt":"2025-09-25T19:02:52","guid":{"rendered":"https:\/\/spegillinn.is\/?p=1724"},"modified":"2025-09-25T19:04:36","modified_gmt":"2025-09-25T19:04:36","slug":"er-russland-ad-veikleikagreina-nato-med-dronaflugi-yfir-flugvelli","status":"publish","type":"post","link":"https:\/\/spegillinn.is\/?p=1724","title":{"rendered":"Er R\u00fassland a\u00f0 veikleikagreina NATO me\u00f0 dr\u00f3naflugi yfir flugvelli?"},"content":{"rendered":"<p><span style=\"font-size: 1.125rem;\">Undanfarnar vikur hafa fj\u00f6lmi\u00f0lar \u00ed Evr\u00f3pu greint fr\u00e1 \u00fev\u00ed a\u00f0 \u00f3\u00feekktir dr\u00f3nar hafi s\u00e9st \u00e1 sveimi n\u00e6rri flugv\u00f6llum \u00ed nokkrum NATO-r\u00edkjum. \u00deetta hefur vaki\u00f0 spurningar um hvort R\u00fassland beiti dr\u00f3naflugi til a\u00f0 veikleikagreina varnir bandalagsins og pr\u00f3fa vi\u00f0brag\u00f0skerfi \u00feess.<\/span><\/p>\n<p>S\u00e9rfr\u00e6\u00f0ingar \u00ed \u00f6ryggis- og varnarm\u00e1lum telja ekki \u00f3l\u00edklegt a\u00f0 sl\u00edkar athafnir falli undir svokalla\u00f0a \u201ehybrid-a\u00f0ger\u00f0ir\u201c, \u00fear sem r\u00edki beitir t\u00e6kni og nj\u00f3snum \u00e1n \u00feess a\u00f0 gr\u00edpa til beinna herna\u00f0ara\u00f0ger\u00f0a. \u201eDr\u00f3nar eru \u00f3d\u00fdr, sveigjanlegir og erfitt er a\u00f0 rekja \u00fe\u00e1 til sendanda,\u201c segir varnarm\u00e1las\u00e9rfr\u00e6\u00f0ingur vi\u00f0 h\u00e1sk\u00f3la \u00ed Brussel. \u201e\u00deeir henta vel til a\u00f0 kortleggja varnir og m\u00e6la vi\u00f0brag\u00f0st\u00edma.\u201c<\/p>\n<p>\u00der\u00e1tt fyrir a\u00f0 engin opinber sta\u00f0festing hafi komi\u00f0 fram \u00e1 \u00fev\u00ed a\u00f0 R\u00fassland standi a\u00f0 baki \u00feessum dr\u00f3naflugi, benda vestr\u00e6nar leyni\u00fej\u00f3nustur til \u00feess a\u00f0 sl\u00edkar a\u00f0fer\u00f0ir samr\u00e6mist fyrri a\u00f0ger\u00f0um Kremlar. R\u00fassnesk stj\u00f3rnv\u00f6ld hafa aftur \u00e1 m\u00f3ti hafna\u00f0 \u00f6llum \u00e1s\u00f6kunum og kalla \u00fe\u00e6r \u00f3r\u00f6kstuddar \u00e1r\u00f3\u00f0ursherfer\u00f0ir.<\/p>\n<p>NATO hefur svara\u00f0 \u00e1hyggjum me\u00f0 \u00fev\u00ed a\u00f0 efla eftirlit vi\u00f0 lykilflugvelli og auka samvinnu bandalagsr\u00edkja um gagnvart dr\u00f3natengdum h\u00f3tunum. \u201eVi\u00f0 l\u00edtum \u00e1 allar tilraunir til nj\u00f3sna e\u00f0a pr\u00f3funar \u00e1 vi\u00f0brag\u00f0i okkar sem m\u00f6gulega \u00f3gn,\u201c sag\u00f0i talskona bandalagsins \u00ed yfirl\u00fdsingu.<\/p>\n<p>M\u00e1li\u00f0 er tali\u00f0 enn \u00ed ranns\u00f3kn hj\u00e1 yfirv\u00f6ldum \u00ed nokkrum l\u00f6ndum, en margir s\u00e9rfr\u00e6\u00f0ingar telja a\u00f0 atvikin s\u00fdni fram \u00e1 hversu mikilv\u00e6g t\u00e6knin hefur or\u00f0i\u00f0 \u00ed n\u00fat\u00edma \u00f6ryggism\u00e1lum. Hvort um skipulag\u00f0a r\u00fassneska veikleikagreiningu er a\u00f0 r\u00e6\u00f0a e\u00f0a einst\u00f6k tilvik \u00f3h\u00e1\u00f0ra a\u00f0ila ver\u00f0ur a\u00f0 teljast \u00f3lj\u00f3st a\u00f0 svo st\u00f6ddu.<\/p>\n<p>&nbsp;<\/p>\n","protected":false},"excerpt":{"rendered":"<p>Undanfarnar vikur hafa fj\u00f6lmi\u00f0lar \u00ed Evr\u00f3pu greint fr\u00e1 \u00fev\u00ed a\u00f0 \u00f3\u00feekktir dr\u00f3nar hafi s\u00e9st \u00e1 sveimi n\u00e6rri flugv\u00f6llum \u00ed nokkrum NATO-r\u00edkjum. \u00deetta hefur vaki\u00f0 spurningar &hellip; <\/p>\n","protected":false},"author":1,"featured_media":1726,"comment_status":"closed","ping_status":"open","sticky":false,"template":"","format":"standard","meta":{"footnotes":""},"categories":[174],"tags":[],"class_list":["post-1724","post","type-post","status-publish","format-standard","has-post-thumbnail","hentry","category-frettir"],"_links":{"self":[{"href":"https:\/\/spegillinn.is\/index.php?rest_route=\/wp\/v2\/posts\/1724","targetHints":{"allow":["GET"]}}],"collection":[{"href":"https:\/\/spegillinn.is\/index.php?rest_route=\/wp\/v2\/posts"}],"about":[{"href":"https:\/\/spegillinn.is\/index.php?rest_route=\/wp\/v2\/types\/post"}],"author":[{"embeddable":true,"href":"https:\/\/spegillinn.is\/index.php?rest_route=\/wp\/v2\/users\/1"}],"replies":[{"embeddable":true,"href":"https:\/\/spegillinn.is\/index.php?rest_route=%2Fwp%2Fv2%2Fcomments&post=1724"}],"version-history":[{"count":1,"href":"https:\/\/spegillinn.is\/index.php?rest_route=\/wp\/v2\/posts\/1724\/revisions"}],"predecessor-version":[{"id":1725,"href":"https:\/\/spegillinn.is\/index.php?rest_route=\/wp\/v2\/posts\/1724\/revisions\/1725"}],"wp:featuredmedia":[{"embeddable":true,"href":"https:\/\/spegillinn.is\/index.php?rest_route=\/wp\/v2\/media\/1726"}],"wp:attachment":[{"href":"https:\/\/spegillinn.is\/index.php?rest_route=%2Fwp%2Fv2%2Fmedia&parent=1724"}],"wp:term":[{"taxonomy":"category","embeddable":true,"href":"https:\/\/spegillinn.is\/index.php?rest_route=%2Fwp%2Fv2%2Fcategories&post=1724"},{"taxonomy":"post_tag","embeddable":true,"href":"https:\/\/spegillinn.is\/index.php?rest_route=%2Fwp%2Fv2%2Ftags&post=1724"}],"curies":[{"name":"wp","href":"https:\/\/api.w.org\/{rel}","templated":true}]}}