{"id":1727,"date":"2025-09-27T19:00:27","date_gmt":"2025-09-27T19:00:27","guid":{"rendered":"https:\/\/spegillinn.is\/?p=1727"},"modified":"2025-09-27T19:05:04","modified_gmt":"2025-09-27T19:05:04","slug":"blekti-um-banvaent-krabbamein-og-kalladi-til-logreglu-og-sersveit","status":"publish","type":"post","link":"https:\/\/spegillinn.is\/?p=1727","title":{"rendered":"Blekti um banv\u00e6nt krabbamein og kalla\u00f0i til l\u00f6greglu og s\u00e9rsveit"},"content":{"rendered":"<p>Landsr\u00e9ttur hefur sta\u00f0fest \u00e1kv\u00f6r\u00f0un barnaverndar um a\u00f0 tv\u00e6r ungar st\u00falkur skuli dvelja utan heimilis m\u00f3\u00f0ur sinnar \u00ed allt a\u00f0 fj\u00f3ra m\u00e1nu\u00f0i. Me\u00f0 \u00fev\u00ed var sn\u00fai\u00f0 vi\u00f0 ni\u00f0urst\u00f6\u00f0u H\u00e9ra\u00f0sd\u00f3ms Reykjaness sem \u00e1\u00f0ur haf\u00f0i fellt \u00far gildi vistunar\u00e1kv\u00f6r\u00f0unina.<\/p>\n<p>M\u00e1li\u00f0 vakti athygli eftir a\u00f0 \u00ed lj\u00f3s kom a\u00f0 m\u00f3\u00f0irin, sem er l\u00e6knir a\u00f0 mennt, haf\u00f0i haldi\u00f0 \u00fev\u00ed fram a\u00f0 h\u00fan v\u00e6ri me\u00f0 krabbamein \u00e1 lokastigi og v\u00e6ri \u00ed me\u00f0fer\u00f0 vegna \u00feess. Samkv\u00e6mt d\u00f3msg\u00f6gnum haf\u00f0i h\u00fan jafnframt teki\u00f0 inn svo miki\u00f0 magn lyfja a\u00f0 h\u00fan var\u00f0 \u00f3f\u00e6r um gang.<\/p>\n<p><strong>Kalla\u00f0i \u00fat s\u00e9rsveit<\/strong><\/p>\n<p>\u00deegar eiginma\u00f0urinn komst a\u00f0 \u00fev\u00ed a\u00f0 veikindin voru uppspuni s\u00f3tti hann tafarlaust um skilna\u00f0. \u00c1\u00f0ur haf\u00f0i m\u00f3\u00f0irin \u00edtreka\u00f0 saka\u00f0 hann um andlegt ofbeldi og jafnvel kalla\u00f0 til l\u00f6greglu og s\u00e9rsveit me\u00f0 \u00feeim r\u00f6kum a\u00f0 hann h\u00e9ldi d\u00e6trunum \u00ed g\u00edslingu.<\/p>\n<p>\u00cd kj\u00f6lfari\u00f0 var fa\u00f0irinn handtekinn og m\u00f3\u00f0irin leita\u00f0i me\u00f0 d\u00e6turnar \u00ed \u00farr\u00e6\u00f0i fyrir \u00feolendur heimilisofbeldis. Ranns\u00f3kn barnaverndar leiddi hins vegar \u00ed lj\u00f3s a\u00f0 \u00e1sakanir hennar st\u00f3\u00f0ust ekki og voru fa\u00f0irinn og b\u00f6rnin flutt saman \u00ed \u00f6ruggt skj\u00f3l. Mat barnaverndar var a\u00f0 m\u00f3\u00f0irin gl\u00edmdi vi\u00f0 alvarleg ge\u00f0r\u00e6n vandam\u00e1l e\u00f0a pers\u00f3nuleikar\u00f6skun.<\/p>\n<p><strong>N\u00fd g\u00f6gn breyttu ni\u00f0urst\u00f6\u00f0unni<\/strong><\/p>\n<p>H\u00e9ra\u00f0sd\u00f3mur taldi \u00ed fyrstu a\u00f0 \u00fe\u00f3tt m\u00f3\u00f0irin hef\u00f0i logi\u00f0 um veikindi s\u00edn stafa\u00f0i b\u00f6rnunum ekki bein h\u00e6tta af henni. \u00cd Landsr\u00e9tti voru hins vegar l\u00f6g\u00f0 fram n\u00fd g\u00f6gn, me\u00f0al annars br\u00e9f fr\u00e1 leiksk\u00f3lastj\u00f3ra \u00fear sem fram kom a\u00f0 eldri d\u00f3ttirin s\u00fdndi j\u00e1kv\u00e6\u00f0ar breytingar eftir a\u00f0 m\u00f3\u00f0irin f\u00f3r af heimilinu.<\/p>\n<p>Einnig bar s\u00e1lfr\u00e6\u00f0ingur \u00e1 Landsp\u00edtala vitni um a\u00f0 m\u00f3\u00f0irin v\u00e6ri \u00f3f\u00e6r um a\u00f0 sinna b\u00f6rnunum.<\/p>\n<p><strong>H\u00f3tanir gegn f\u00f6\u00f0ur og fj\u00f6lskyldu<\/strong><\/p>\n<p>Samkv\u00e6mt g\u00f6gnum m\u00e1lsins haf\u00f0i fa\u00f0irinn or\u00f0i\u00f0 fyrir h\u00f3tunum fr\u00e1 m\u00f6nnum sem tengdust m\u00f3\u00f0urinni. Hann og st\u00falkurnar \u00feurftu t\u00edmabundi\u00f0 a\u00f0 flytja \u00ed \u00edb\u00fa\u00f0 \u00e1 vegum barnaverndar eftir a\u00f0 h\u00f3tanir b\u00e1rust honum og m\u00f3\u00f0ur hans \u00ed sm\u00e1skilabo\u00f0um. Tveir menn m\u00e6ttu jafnframt a\u00f0 heimili fj\u00f6lskyldunnar.<\/p>\n<p>Landsr\u00e9ttur taldi a\u00f0 \u00f6ryggi og velfer\u00f0 barnanna kref\u00f0ust \u00feess a\u00f0 \u00feau dveldu \u00e1fram utan heimilis m\u00f3\u00f0urinnar.<\/p>\n","protected":false},"excerpt":{"rendered":"<p>Landsr\u00e9ttur hefur sta\u00f0fest \u00e1kv\u00f6r\u00f0un barnaverndar um a\u00f0 tv\u00e6r ungar st\u00falkur skuli dvelja utan heimilis m\u00f3\u00f0ur sinnar \u00ed allt a\u00f0 fj\u00f3ra m\u00e1nu\u00f0i. Me\u00f0 \u00fev\u00ed var sn\u00fai\u00f0 &hellip; <\/p>\n","protected":false},"author":1,"featured_media":1729,"comment_status":"closed","ping_status":"open","sticky":false,"template":"","format":"standard","meta":{"footnotes":""},"categories":[174],"tags":[],"class_list":["post-1727","post","type-post","status-publish","format-standard","has-post-thumbnail","hentry","category-frettir"],"_links":{"self":[{"href":"https:\/\/spegillinn.is\/index.php?rest_route=\/wp\/v2\/posts\/1727","targetHints":{"allow":["GET"]}}],"collection":[{"href":"https:\/\/spegillinn.is\/index.php?rest_route=\/wp\/v2\/posts"}],"about":[{"href":"https:\/\/spegillinn.is\/index.php?rest_route=\/wp\/v2\/types\/post"}],"author":[{"embeddable":true,"href":"https:\/\/spegillinn.is\/index.php?rest_route=\/wp\/v2\/users\/1"}],"replies":[{"embeddable":true,"href":"https:\/\/spegillinn.is\/index.php?rest_route=%2Fwp%2Fv2%2Fcomments&post=1727"}],"version-history":[{"count":5,"href":"https:\/\/spegillinn.is\/index.php?rest_route=\/wp\/v2\/posts\/1727\/revisions"}],"predecessor-version":[{"id":1733,"href":"https:\/\/spegillinn.is\/index.php?rest_route=\/wp\/v2\/posts\/1727\/revisions\/1733"}],"wp:featuredmedia":[{"embeddable":true,"href":"https:\/\/spegillinn.is\/index.php?rest_route=\/wp\/v2\/media\/1729"}],"wp:attachment":[{"href":"https:\/\/spegillinn.is\/index.php?rest_route=%2Fwp%2Fv2%2Fmedia&parent=1727"}],"wp:term":[{"taxonomy":"category","embeddable":true,"href":"https:\/\/spegillinn.is\/index.php?rest_route=%2Fwp%2Fv2%2Fcategories&post=1727"},{"taxonomy":"post_tag","embeddable":true,"href":"https:\/\/spegillinn.is\/index.php?rest_route=%2Fwp%2Fv2%2Ftags&post=1727"}],"curies":[{"name":"wp","href":"https:\/\/api.w.org\/{rel}","templated":true}]}}