{"id":1734,"date":"2025-09-27T19:20:46","date_gmt":"2025-09-27T19:20:46","guid":{"rendered":"https:\/\/spegillinn.is\/?p=1734"},"modified":"2025-09-27T19:23:24","modified_gmt":"2025-09-27T19:23:24","slug":"gagnryni-a-nyjar-gongugotur-i-midborg-reykjavikur","status":"publish","type":"post","link":"https:\/\/spegillinn.is\/?p=1734","title":{"rendered":"Gagnr\u00fdni \u00e1 n\u00fdjar g\u00f6ngug\u00f6tur \u00ed mi\u00f0borg Reykjav\u00edkur"},"content":{"rendered":"<p>Vi\u00f0skiptaeigendur og \u00edb\u00faar \u00f3ttast auki\u00f0 a\u00f0gengisleysi \u00fer\u00e1tt fyrir lofor\u00f0 borgarinnar<\/p>\n<p>Fr\u00e1 og me\u00f0 deginum \u00ed dag ver\u00f0a Austurstr\u00e6ti fr\u00e1 P\u00f3sth\u00fasstr\u00e6ti a\u00f0 Veltusundi varanlegar g\u00f6ngug\u00f6tur. Me\u00f0 breytingunni myndast samfellt g\u00f6ngusv\u00e6\u00f0i fr\u00e1 L\u00e6kjartorgi a\u00f0 Ing\u00f3lfstorgi, \u00ed samr\u00e6mi vi\u00f0 umfer\u00f0arskipulag Kvosarinnar sem sam\u00feykkt var \u00e1ri\u00f0 2020. Reykjav\u00edkurborg segir markmi\u00f0i\u00f0 vera a\u00f0 b\u00e6ta \u00f6ryggi og a\u00f0gengi gangandi vegfarenda og hreyfihamla\u00f0ra, auk \u00feess a\u00f0 efla mannl\u00edf \u00ed mi\u00f0borginni.<\/p>\n<p>En \u00fer\u00e1tt fyrir j\u00e1kv\u00e6\u00f0an t\u00f3n \u00ed kynningu borgarinnar hafa raddir heyrst sem gagnr\u00fdna breytingarnar.<\/p>\n<p><strong>\u00c1hyggjur fyrirt\u00e6kja og rekstrara\u00f0ila<\/strong><\/p>\n<p>Eigendur veitingasta\u00f0a og verslana \u00ed mi\u00f0borginni hafa bent \u00e1 a\u00f0 takmarkanir \u00e1 akstri geti gert v\u00f6rulosun og \u00fej\u00f3nustu erfi\u00f0ari. \u00de\u00f3tt \u00e1kve\u00f0inn gluggi s\u00e9 opinn fyrir v\u00f6ruflutninga snemma dags, telja sumir a\u00f0 hann dugi ekki fyrir \u00fe\u00e1 starfsemi sem fer fram langt fram eftir degi. S\u00e9rstaklega \u00e1 \u00feetta vi\u00f0 um veitingasta\u00f0i sem f\u00e1 ferskar v\u00f6rur nokkrum sinnum \u00e1 dag.<\/p>\n<p>Einnig \u00f3ttast sumir rekstrara\u00f0ilar a\u00f0 f\u00e6kkun b\u00edlast\u00e6\u00f0a n\u00e1l\u00e6gt g\u00f6ngusv\u00e6\u00f0inu lei\u00f0i til \u00feess a\u00f0 vi\u00f0skiptavinir, einkum \u00feeir sem koma utan af landi e\u00f0a eru eldri borgarar, for\u00f0ist a\u00f0 koma \u00ed mi\u00f0borgina.<\/p>\n<p><strong>Hagsmunir \u00edb\u00faa og hreyfihamla\u00f0ra<\/strong><\/p>\n<p>\u00de\u00f3tt borgin leggi \u00e1herslu \u00e1 a\u00f0 breytingarnar auki a\u00f0gengi hreyfihamla\u00f0ra, hefur komi\u00f0 fram gagnr\u00fdni um a\u00f0 raunverulegt a\u00f0gengi ver\u00f0i takmarka\u00f0 ef \u00feeir sem \u00feurfa \u00e1 b\u00edl a\u00f0 halda geti ekki eki\u00f0 a\u00f0 heimilum e\u00f0a \u00fej\u00f3nustu \u00ed Kvosinni. S\u00e9rstaklega \u00e1 \u00feetta vi\u00f0 um \u00fe\u00e1 sem ekki hafa a\u00f0gang a\u00f0 einkast\u00e6\u00f0um.<\/p>\n<p><strong>Spurningar um l\u00fd\u00f0r\u00e6\u00f0islega \u00e1kvar\u00f0anat\u00f6ku<\/strong><\/p>\n<p>Breytingin var sam\u00feykkt \u00ed umhverfis- og skipulagsr\u00e1\u00f0i \u00ed sumar, en sumir \u00edb\u00faar hafa gagnr\u00fdnt a\u00f0 ferli\u00f0 hafi veri\u00f0 hratt og a\u00f0 samr\u00e1\u00f0 hafi ekki veri\u00f0 n\u00e6gjanlegt. \u00deeir benda \u00e1 a\u00f0 k\u00f6nnun Mask\u00ednu, sem borgin v\u00edsar \u00ed sem s\u00f6nnun fyrir stu\u00f0ningi almennings, segi l\u00edti\u00f0 um vi\u00f0horf \u00feeirra sem b\u00faa og starfa \u00e1 sv\u00e6\u00f0inu sem breytingarnar hafa bein \u00e1hrif \u00e1.<\/p>\n<p><strong>Hverjir gr\u00e6\u00f0a og hverjir tapa?<\/strong><\/p>\n<p>Stu\u00f0ningsmenn breytinganna halda \u00fev\u00ed fram a\u00f0 g\u00f6ngug\u00f6tur la\u00f0i til s\u00edn fleiri fer\u00f0amenn og auki l\u00edfsg\u00e6\u00f0i \u00edb\u00faa. Andst\u00e6\u00f0ingar benda hins vegar \u00e1 a\u00f0 fer\u00f0amannav\u00e6\u00f0ing mi\u00f0borgarinnar s\u00e9 \u00feegar farin a\u00f0 \u00fer\u00fdsta \u00e1 fasteignaver\u00f0 og leigu, sem geti gert rekstur hef\u00f0bundinna verslana og b\u00fasetu \u00edb\u00faa \u00f3vi\u00f0unandi til lengri t\u00edma.<\/p>\n<p><strong>Framhaldi\u00f0 \u00f3lj\u00f3st<\/strong><\/p>\n<p>\u00de\u00f3 a\u00f0 frekari h\u00f6nnun Austurstr\u00e6tis og L\u00e6kjartorgs s\u00e9 til, liggur framkv\u00e6md \u00ed bi\u00f0 \u00fear til ofanfl\u00f3\u00f0amat \u00e1 Kvosinni hefur veri\u00f0 kl\u00e1ra\u00f0. \u00de\u00e1 er \u00f3lj\u00f3st hvort og hvernig teki\u00f0 ver\u00f0ur \u00e1 \u00feeim \u00e1hyggjum sem rekstrara\u00f0ilar og \u00edb\u00faar hafa \u00feegar l\u00fdst.<\/p>\n<p>\u00dev\u00ed m\u00e1 segja a\u00f0 n\u00fdju g\u00f6ngug\u00f6tunum s\u00e9 fagna\u00f0 af m\u00f6rgum, en jafnframt a\u00f0 \u00fe\u00e6r kalli fram spurningar um jafnv\u00e6gi milli fer\u00f0amannav\u00e6ddrar mi\u00f0borgar og hagsmuna \u00feeirra sem \u00fear b\u00faa og starfa daglega.<\/p>\n","protected":false},"excerpt":{"rendered":"<p>Vi\u00f0skiptaeigendur og \u00edb\u00faar \u00f3ttast auki\u00f0 a\u00f0gengisleysi \u00fer\u00e1tt fyrir lofor\u00f0 borgarinnar Fr\u00e1 og me\u00f0 deginum \u00ed dag ver\u00f0a Austurstr\u00e6ti fr\u00e1 P\u00f3sth\u00fasstr\u00e6ti a\u00f0 Veltusundi varanlegar g\u00f6ngug\u00f6tur. Me\u00f0 &hellip; <\/p>\n","protected":false},"author":1,"featured_media":1736,"comment_status":"closed","ping_status":"open","sticky":false,"template":"","format":"standard","meta":{"footnotes":""},"categories":[174],"tags":[],"class_list":["post-1734","post","type-post","status-publish","format-standard","has-post-thumbnail","hentry","category-frettir"],"_links":{"self":[{"href":"https:\/\/spegillinn.is\/index.php?rest_route=\/wp\/v2\/posts\/1734","targetHints":{"allow":["GET"]}}],"collection":[{"href":"https:\/\/spegillinn.is\/index.php?rest_route=\/wp\/v2\/posts"}],"about":[{"href":"https:\/\/spegillinn.is\/index.php?rest_route=\/wp\/v2\/types\/post"}],"author":[{"embeddable":true,"href":"https:\/\/spegillinn.is\/index.php?rest_route=\/wp\/v2\/users\/1"}],"replies":[{"embeddable":true,"href":"https:\/\/spegillinn.is\/index.php?rest_route=%2Fwp%2Fv2%2Fcomments&post=1734"}],"version-history":[{"count":1,"href":"https:\/\/spegillinn.is\/index.php?rest_route=\/wp\/v2\/posts\/1734\/revisions"}],"predecessor-version":[{"id":1735,"href":"https:\/\/spegillinn.is\/index.php?rest_route=\/wp\/v2\/posts\/1734\/revisions\/1735"}],"wp:featuredmedia":[{"embeddable":true,"href":"https:\/\/spegillinn.is\/index.php?rest_route=\/wp\/v2\/media\/1736"}],"wp:attachment":[{"href":"https:\/\/spegillinn.is\/index.php?rest_route=%2Fwp%2Fv2%2Fmedia&parent=1734"}],"wp:term":[{"taxonomy":"category","embeddable":true,"href":"https:\/\/spegillinn.is\/index.php?rest_route=%2Fwp%2Fv2%2Fcategories&post=1734"},{"taxonomy":"post_tag","embeddable":true,"href":"https:\/\/spegillinn.is\/index.php?rest_route=%2Fwp%2Fv2%2Ftags&post=1734"}],"curies":[{"name":"wp","href":"https:\/\/api.w.org\/{rel}","templated":true}]}}